{"id":242,"date":"2023-12-31T17:13:36","date_gmt":"2023-12-31T16:13:36","guid":{"rendered":"https:\/\/www.dfjuenemann.de\/tap_2018\/?p=242"},"modified":"2024-01-01T23:54:08","modified_gmt":"2024-01-01T22:54:08","slug":"notdienstkalender","status":"publish","type":"post","link":"https:\/\/www.dfjuenemann.de\/tap_2018\/index.php\/2023\/12\/31\/notdienstkalender\/","title":{"rendered":"Notdienstkalender"},"content":{"rendered":"Seit Anfang des Jahres 2022 gibt es im Landkreis Emsland festgelegte\nNotdienste der Kleintierpraxen. Der Notdienst beginnt an Werktagen um 18:00 Uhr und endet um\n08:00 Uhr am n\u00e4chsten Morgen. Notdienst gilt an Wochenenden und Feiertagen.\nW\u00e4hrend dieser Zeit f\u00e4llt eine Notdienstgeb\u00fchr in H\u00f6he von 50,00 \u20ac und der\n2-4fache Satz der Behandlungsgeb\u00fchren gem. GOT vom 22.Nov. 2022 jeweils zzgl.\naktuellen Mehrwertsteuer an.\n\n<!-- \/wp:post-content --><!-- wp:paragraph -->\n\n<!-- \/wp:paragraph --><!-- wp:paragraph -->\n\n<!-- wp:paragraph -->\n\n<!-- \/wp:paragraph -->\n\n<!-- \/wp:paragraph --><!-- wp:paragraph -->\n\n<!-- wp:paragraph {\"fontSize\":\"regular\"} -->\n\n<!-- \/wp:paragraph -->\n\n<!-- wp:paragraph -->\n\n<!-- \/wp:paragraph -->\n\n<!-- wp:paragraph -->\n\n\u00dcber diesen<strong><a href=\"https:\/\/magentacloud.de\/s\/LQCyMHWFT92cHFp\"> Link<\/a><\/strong> k\u00f6nnen Sie die Praxis ermitteln, die aktuell\nNotdienst f\u00fcr den Bereich Emsland S\u00fcd hat.\n\n<!-- \/wp:paragraph -->\n\n<strong>Notf\u00e4lle w\u00e4hrend der regul\u00e4ren Praxiszeiten<\/strong>\n\nNotf\u00e4lle nur nach telefonischer Vereinbarung! Notfalltelefon: (05963) 1300","protected":false},"excerpt":{"rendered":"<p>Der Notdienst beginnt an Werktagen um 18:00 Uhr und endet um<br \/>\n08:00 Uhr am n\u00e4chsten Morgen. Notdienst gilt an Wochenenden und Feiertagen.<\/p>\n<div class=\"more-link-wrapper\"><a class=\"more-link\" href=\"https:\/\/www.dfjuenemann.de\/tap_2018\/index.php\/2023\/12\/31\/notdienstkalender\/\">Weiterlesen<span class=\"screen-reader-text\">Notdienstkalender<\/span><\/a><\/div>\n","protected":false},"author":2,"featured_media":0,"comment_status":"closed","ping_status":"closed","sticky":true,"template":"","format":"standard","meta":{"footnotes":""},"categories":[1],"tags":[80,82,63,56,79,64],"class_list":["post-242","post","type-post","status-publish","format-standard","hentry","category-allgemein","tag-am-abend","tag-an-sonn-und-feiertagen","tag-gebuehren","tag-notdienst","tag-notdienst-notfaelle","tag-notfaelle","entry"],"_links":{"self":[{"href":"https:\/\/www.dfjuenemann.de\/tap_2018\/index.php\/wp-json\/wp\/v2\/posts\/242","targetHints":{"allow":["GET"]}}],"collection":[{"href":"https:\/\/www.dfjuenemann.de\/tap_2018\/index.php\/wp-json\/wp\/v2\/posts"}],"about":[{"href":"https:\/\/www.dfjuenemann.de\/tap_2018\/index.php\/wp-json\/wp\/v2\/types\/post"}],"author":[{"embeddable":true,"href":"https:\/\/www.dfjuenemann.de\/tap_2018\/index.php\/wp-json\/wp\/v2\/users\/2"}],"replies":[{"embeddable":true,"href":"https:\/\/www.dfjuenemann.de\/tap_2018\/index.php\/wp-json\/wp\/v2\/comments?post=242"}],"version-history":[{"count":6,"href":"https:\/\/www.dfjuenemann.de\/tap_2018\/index.php\/wp-json\/wp\/v2\/posts\/242\/revisions"}],"predecessor-version":[{"id":252,"href":"https:\/\/www.dfjuenemann.de\/tap_2018\/index.php\/wp-json\/wp\/v2\/posts\/242\/revisions\/252"}],"wp:attachment":[{"href":"https:\/\/www.dfjuenemann.de\/tap_2018\/index.php\/wp-json\/wp\/v2\/media?parent=242"}],"wp:term":[{"taxonomy":"category","embeddable":true,"href":"https:\/\/www.dfjuenemann.de\/tap_2018\/index.php\/wp-json\/wp\/v2\/categories?post=242"},{"taxonomy":"post_tag","embeddable":true,"href":"https:\/\/www.dfjuenemann.de\/tap_2018\/index.php\/wp-json\/wp\/v2\/tags?post=242"}],"curies":[{"name":"wp","href":"https:\/\/api.w.org\/{rel}","templated":true}]}}